{"id":3031,"date":"2022-03-03T19:28:33","date_gmt":"2022-03-03T19:28:33","guid":{"rendered":"https:\/\/mmiu.ch\/rgnews2022\/?p=3031"},"modified":"2022-03-03T20:12:48","modified_gmt":"2022-03-03T20:12:48","slug":"was-zuercher-jungpolitiker-politisiert-hat","status":"publish","type":"post","link":"https:\/\/mmiu.ch\/rgnews2022\/index.php\/2022\/03\/03\/was-zuercher-jungpolitiker-politisiert-hat\/","title":{"rendered":"Was Z\u00fcrcher Jungpolitiker politisiert hat"},"content":{"rendered":"\n<h2><strong><em>Die Z\u00fcrcher Politik wird linker, der Gemeinderat j\u00fcnger. Zwei neue linke Jungpolitiker wollen der Jugend im Parlament eine Stimme geben, ein erfahrener junger B\u00fcrgerlicher spielt den Wert des Alters herunter.&nbsp;<\/em><\/strong>&nbsp;<\/h2>\n\n\n\n<p>Bewe\u00adgun\u00adgen wie die weltweit\u00aden Kli\u00admas\u00adtreiks, die monatlichen Velodemos, die antifaschis\u00adtis\u00adchen Demon\u00adstra\u00adtio\u00adnen oder fem\u00adi\u00adnis\u00adtis\u00adche Streiks, an welchen zu einem grossen Teil Jugendliche teil\u00adnehmen, spie\u00adlen unum\u00adstrit\u00adten eine immer wichtiger wer\u00addende Rolle in der Poli\u00adtik. Weil der Fokus der Bewe\u00adgun\u00adgen meist auf Gesellschaft\u00ads\u00adthe\u00admen liegt, prof\u00adi\u00adtieren vor allem die linken Parteien. Sie haben Zulauf von jun\u00adgen Poli\u00adtik\u00aderin\u00adnen, wie auch etwa das Beispiel von Anna Graff&nbsp;zeigt.&nbsp;<\/p>\n\n\n\n<p><strong>Die ungel\u00f6sten Prob\u00adleme treiben sie&nbsp;an<\/strong><\/p>\n\n\n\n<figure class=\"wp-block-image size-full is-resized\"><img loading=\"lazy\" src=\"https:\/\/mmiu.ch\/rgnews2022\/wp-content\/uploads\/2022\/03\/6bdce6a1-e10b-4507-88ca-9ef3ce8b8af9.jpg\" alt class=\"wp-image-3048\" width=\"400\" height=\"600\" srcset=\"https:\/\/mmiu.ch\/rgnews2022\/wp-content\/uploads\/2022\/03\/6bdce6a1-e10b-4507-88ca-9ef3ce8b8af9.jpg 533w, https:\/\/mmiu.ch\/rgnews2022\/wp-content\/uploads\/2022\/03\/6bdce6a1-e10b-4507-88ca-9ef3ce8b8af9-200x300.jpg 200w, https:\/\/mmiu.ch\/rgnews2022\/wp-content\/uploads\/2022\/03\/6bdce6a1-e10b-4507-88ca-9ef3ce8b8af9-480x720.jpg 480w, https:\/\/mmiu.ch\/rgnews2022\/wp-content\/uploads\/2022\/03\/6bdce6a1-e10b-4507-88ca-9ef3ce8b8af9-333x500.jpg 333w\" sizes=\"(max-width: 400px) 100vw, 400px\"><figcaption>Anna Graff\/ Foto: Elias Baumann<\/figcaption><\/figure>\n\n\n\n<p>Die 23-j\u00e4hrige SP-Poli\u00adtik\u00aderin Anna Graff ist nach den Neuwahlen ins Stadtz\u00fcrcher Par\u00adla\u00adment die j\u00fcng\u00adste Frau, die ab Mai im Gemein\u00adder\u00adat sitzt. Den\u00adnoch ist sie in der Poli\u00adtik bere\u00adits ein \u00abalter Hase\u00bb.&nbsp;<\/p>\n\n\n\n<p>Als 13-j\u00e4hrige Gym\u00adnasi\u00adastin tritt sie, auf Grund von ihrem grossen Inter\u00adesse an der Poli\u00adtik, der Juso (Jung\u00adpartei der SP) bei und engagiert sich aktiv f\u00fcr ver\u00adschieden\u00adste Pro\u00adjek\u00adte und Ini\u00adtia\u00adtiv\u00aden der Jung\u00adpartei. Ihr Bewusst\u00adsein f\u00fcr die unz\u00e4h\u00adli\u00adgen ungel\u00f6sten Prob\u00adleme auf der Welt, die Ungle\u00adich\u00adheit\u00aden wie beispiel\u00adsweise die immer gr\u00f6ss\u00ader wer\u00adden\u00adden Spal\u00adtun\u00adgen zwis\u00adchen Arm und Reich sowie f\u00fcr den Kli\u00admawan\u00addel bewe\u00adgen Graff dazu, aktiv etwas zu ver\u00e4n\u00addern. Mit der 2013 lancierten Volksini\u00adtia\u00adtive \u00ab1:12 \u2014 f\u00fcr gerechte L\u00f6hne\u00bb besch\u00e4ftigt sich Anna Graff beson\u00adders. Seit ihrem Beitritt in die SP fokussiert sie vor allem auf The\u00admen\u00adbere\u00adiche wie die Gle\u00adich\u00adstel\u00adlung, eine gerechte Verteilung von Macht und Wohl\u00adstand, die Umwelt- und Klimapoli\u00adtik und engagiert sich unter anderem f\u00fcr die Velor\u00adouten-Ini\u00adtia\u00adtive und deren Umsetzung.&nbsp;<\/p>\n\n\n\n<p><strong>Er will Krisen bew\u00e4ltigen<\/strong><\/p>\n\n\n\n<figure class=\"wp-block-image size-full is-resized\"><img loading=\"lazy\" src=\"https:\/\/mmiu.ch\/rgnews2022\/wp-content\/uploads\/2022\/03\/CI1mDPPjq7xAvtRPe_oTkO.jpg\" alt class=\"wp-image-3054\" width=\"518\" height=\"599\" srcset=\"https:\/\/mmiu.ch\/rgnews2022\/wp-content\/uploads\/2022\/03\/CI1mDPPjq7xAvtRPe_oTkO.jpg 691w, https:\/\/mmiu.ch\/rgnews2022\/wp-content\/uploads\/2022\/03\/CI1mDPPjq7xAvtRPe_oTkO-259x300.jpg 259w, https:\/\/mmiu.ch\/rgnews2022\/wp-content\/uploads\/2022\/03\/CI1mDPPjq7xAvtRPe_oTkO-480x555.jpg 480w, https:\/\/mmiu.ch\/rgnews2022\/wp-content\/uploads\/2022\/03\/CI1mDPPjq7xAvtRPe_oTkO-432x500.jpg 432w\" sizes=\"(max-width: 518px) 100vw, 518px\"><figcaption>Yves Henz <br>Foto: <a href=\"https:\/\/www.tagesanzeiger.ch\/der-18-jaehrige-aktivist-im-gemeinderat-174883434833\">https:\/\/www.tagesanzeiger.ch\/der-18-jaehrige-aktivist-im-gemeinderat-174883434833<\/a><\/figcaption><\/figure>\n\n\n\n<p>Noch j\u00fcnger ist Yves Henz. Der 18-j\u00e4hrige Gym\u00adnasi\u00adast ver\u00adtritt ab Mai die Gr\u00fc\u00adnen im Z\u00fcrcher Gemein\u00adder\u00adat. Ihn bewe\u00adgen vor allem The\u00admen wie die durch Unt\u00e4tigkeit immer gravieren\u00adder wer\u00addende Kli\u00adma- und Bio\u00addi\u00adver\u00adsit\u00e4t\u00adskrisen, welche beispiel\u00adsweise Fol\u00adgen f\u00fcr unsere Nahrungsmit\u00adtelver\u00adsorgung haben. Hoff\u00adnung, dass es auch anders sein kann, dass sich die Poli\u00adtik ins Bessere entwick\u00adeln kann und der Wun\u00adsch sel\u00adber an dieser Entwick\u00adlung beteiligt zu sein, bracht\u00aden den Jugendlichen in die Poli\u00adtik. Der \u00abunmen\u00adschliche Kap\u00adi\u00adtal\u00adis\u00admus\u00bb, von welchem nur die wenig\u00adsten wirk\u00adlich prof\u00adi\u00adtieren k\u00f6n\u00adnen, sollte \u00fcber\u00adwun\u00adden wer\u00adden. Aus sein\u00ader Sicht sollte man stattdessen eine \u00ab\u00f6kol\u00ado\u00adgis\u00adche Ord\u00adnung des Respek\u00adts, der Frei\u00adheit und des Gl\u00fccks schaf\u00adfen \u2014 f\u00fcr alle Men\u00adschen dieser Welt\u00bb<em>.&nbsp;&nbsp;<\/em><\/p>\n\n\n\n<p>Im Zen\u00adtrum sein\u00ader Poli\u00adtik ste\u00adht vor allem das \u00abWohlbefind\u00aden aller Men\u00adschen, auch zuk\u00fcn\u00adftiger Gen\u00ader\u00ada\u00adtio\u00adnen\u00bb. Das Gl\u00fcck jedes Indi\u00advidu\u00adums k\u00f6n\u00adnte laut Henz durch eine gerechte, demokratis\u00adche Gesellschaft, in welch\u00ader alle das gle\u00adiche Mitbes\u00adtim\u00admungsrecht haben, erre\u00adicht wer\u00adden. Das Wohn\u00adrecht sollte als Grun\u00addrecht f\u00fcr alle anerkan\u00adnt wer\u00adden und die Gen\u00adtri\u00adfizierung m\u00fcsse sofort gestoppt wer\u00adden. Um die Leben\u00adsqual\u00adit\u00e4t und sozialen Kon\u00adtak\u00adte zu st\u00e4rken, beson\u00adders jet\u00adzt nach den Lockerun\u00adgen der Mass\u00adnah\u00admen, k\u00f6n\u00adnten etwa aus sein\u00ader Sicht die Arbeit\u00adszeit\u00aden verk\u00fcrzt werden.&nbsp;<\/p>\n\n\n\n<p><strong>Gest\u00fctzt durch gesellschaftliche Bewegungen<\/strong><\/p>\n\n\n\n<p>Die let\u00adzten bun\u00addesweit\u00aden Abstim\u00admungen von Mitte Feb\u00adru\u00adar waren f\u00fcr bei\u00adde Kan\u00addi\u00addat\u00aden zu grossen Teilen ein \u00ablink\u00ader Tri\u00adumpf\u00bb. Als zweite Ini\u00adtia\u00adtive der Linken, wurde die Ini\u00adtia\u00adtive: Volksini\u00adtia\u00adtive \u00abJa zum Schutz der Kinder und Jugendlichen vor Tabak\u00adwer\u00adbung (Kinder und Jugendliche ohne Tabak\u00adwer\u00adbung)\u00bb an der Urne angenom\u00admen. Die Annahme sei sehr erfreulich und k\u00f6n\u00adnte durch die Pop\u00adu\u00adlar\u00adit\u00e4t der The\u00admatik begr\u00fcn\u00addet wer\u00adden. Auch die Abstim\u00admung \u00fcber die \u00c4nderung des Bun\u00addes\u00adge\u00adset\u00adzes \u00fcber die Stem\u00adpelab\u00adgaben sei ein Erfolg, denn das Volk hat\u00adte sich mit einem \u00fcber\u00adraschend deut\u00adlichen Nein gegen die \u00abSelb\u00adst\u00adbe\u00addi\u00adenung der Reich\u00adsten\u00bb ausgesprochen.&nbsp;<\/p>\n\n\n\n<p>Bei\u00adde Kan\u00addi\u00addat\u00aden find\u00aden, dass Bewe\u00adgun\u00adgen, wie beispiel\u00adsweise die bere\u00adits erw\u00e4h\u00adn\u00adten Kli\u00admas\u00adtreiks, sowie weit\u00adere Demon\u00adstra\u00adtio\u00adnen wie der fem\u00adi\u00adnis\u00adtis\u00adche Streik, die BLM Bewe\u00adgung und weit\u00adere Organ\u00adi\u00adsa\u00adtio\u00adnen, die sich f\u00fcr Klim\u00adagerechtigkeit, Frieden und eine gerechtere, Inklu\u00adsive Gesellschaft ein\u00adset\u00adzen, essen\u00adziell f\u00fcr den notwendi\u00adgen Fortschritt in der Poli\u00adtik seien. Yves Henz sagt: \u00abMen\u00adschen wollen eine andere Poli\u00adtik! Auf der ganzen Welt schliessen sich Men\u00adschen zusam\u00admen und fordern Ver\u00e4n\u00adderung.\u00bb<em>&nbsp;&nbsp;<\/em><\/p>\n\n\n\n<p><strong>Kri\u00adtik am z\u00f6ger\u00adlichen Ver\u00adhal\u00adten der Rechten<\/strong><\/p>\n\n\n\n<p>Sie kri\u00adtisieren bei\u00adde die \u00abradikalen Unt\u00e4tigkeit\u00bb der b\u00fcrg\u00ader\u00adlichen Parteien vor allem im Zusam\u00admen\u00adhang mit der Kli\u00admakrise. Kleine Schritte ben\u00f6tigten zu viel Zeit, Zeit welche pro\u00adpor\u00adtion\u00adal zu ihrer Gewich\u00adtung, anders investiert wer\u00adden sollte.&nbsp;<\/p>\n\n\n\n<p>Die Umset\u00adzung eines gr\u00f6sseren Zieles, wie beispiel\u00adweise ein kli\u00adma\u00adneu\u00adtrales Z\u00fcrich bis 2040 zu erre\u00adichen, d\u00fcrfe nicht an kleinen Schrit\u00adten scheit\u00adern. Die Starrheit des Sys\u00adtems m\u00fcsse gelock\u00adert wer\u00adden, denn Poli\u00adtik kann auch anders sein. Yves Henz erw\u00e4h\u00adnt in diesem Zusam\u00admen\u00adhang das neolib\u00aderale Dog\u00adma: \u00abThere is no alter\u00adna\u00adtive\u00bb, welche den Men\u00adschen vorzu\u00adgaukeln ver\u00adsuche, dass es keine Alter\u00adna\u00adtive zum jet\u00adzi\u00adgen Sys\u00adtem gebe. Anna Graff erw\u00e4h\u00adnt das teil\u00adweise fehlende Inter\u00adesse \u00abder M\u00e4chti\u00adgen\u00bb an der Infor\u00adma\u00adtion der Bev\u00f6lkerung. \u00abWenn die Men\u00adschen sehen w\u00fcr\u00adden, dass die Poli\u00adtik, wie sie im Moment funk\u00adtion\u00adiert, f\u00fcr den gr\u00f6ssten Teil der Men\u00adschen schlecht ist, w\u00fcrde es sich f\u00fcr den Prof\u00adit der \u00abM\u00e4chti\u00adgen\u00bb als ein Prob\u00adlem herausstellen.\u00bb&nbsp;<\/p>\n\n\n\n<figure class=\"wp-block-image size-full\"><img loading=\"lazy\" width=\"800\" height=\"533\" src=\"https:\/\/mmiu.ch\/rgnews2022\/wp-content\/uploads\/2022\/03\/eac7f32a-ff44-43b4-b708-9f6053078266.jpg\" alt class=\"wp-image-3059\" srcset=\"https:\/\/mmiu.ch\/rgnews2022\/wp-content\/uploads\/2022\/03\/eac7f32a-ff44-43b4-b708-9f6053078266.jpg 800w, https:\/\/mmiu.ch\/rgnews2022\/wp-content\/uploads\/2022\/03\/eac7f32a-ff44-43b4-b708-9f6053078266-300x200.jpg 300w, https:\/\/mmiu.ch\/rgnews2022\/wp-content\/uploads\/2022\/03\/eac7f32a-ff44-43b4-b708-9f6053078266-768x512.jpg 768w, https:\/\/mmiu.ch\/rgnews2022\/wp-content\/uploads\/2022\/03\/eac7f32a-ff44-43b4-b708-9f6053078266-480x320.jpg 480w, https:\/\/mmiu.ch\/rgnews2022\/wp-content\/uploads\/2022\/03\/eac7f32a-ff44-43b4-b708-9f6053078266-750x500.jpg 750w\" sizes=\"(max-width: 800px) 100vw, 800px\"><figcaption>Velos vor dem R\u00e4mib\u00fchl (Sym\u00adbol\u00adbild f\u00fcr die Velor\u00adouten-Ini\u00adtia\u00adtive) Foto: Elias Baumann<\/figcaption><\/figure>\n\n\n\n<p>Doch die SVP ist im Gemein\u00adder\u00adat nicht mehr so stark wie auch schon. Ihr Anteil bei Neuwahlen ist vom Jahr 2002 von 24.8 Prozent auf einen Anteil von 11.2 Prozent 2022 gesunken.\u00abDie b\u00fcrg\u00ader\u00adlichen Parteien vertei\u00addi\u00adgen die alten, ungerecht\u00aden, patri\u00adar\u00adchalen Struk\u00adturen, obwohl sie uns direkt ins Verder\u00adben f\u00fchren. Wof\u00fcr? Aus Gier, Eigen\u00adnutz oder Dummheit. Da ist es logisch, dass die Z\u00fcrcher Jugend den L\u00fcgen der B\u00fcrg\u00ader\u00adlichen nicht l\u00e4nger Glauben schenkt\u00bb, sagt Yves Henz. Trotz einem sink\u00adenden W\u00e4h\u00adler\u00adan\u00adteil der SVP in der Stadt Z\u00fcrich, bleibt die Partei schweizweit aktuell die w\u00e4h\u00adler\u00adst\u00e4rk\u00adste. Die linken Parteien wach\u00adsen jedoch auch schweizweit stetig.&nbsp;<\/p>\n\n\n\n<p><strong>Die Sicht eines B\u00fcrgerlichen<\/strong><\/p>\n\n\n\n<p>Als b\u00fcrg\u00ader\u00adliche Poli\u00adtik\u00ader aktiv, aber den\u00adnoch jung ist der 34-j\u00e4hrige Ste\u00adfan Urech. In sein\u00ader Partei&nbsp; sind Junge etwas rar\u00ader. Obwohl es auch j\u00fcn\u00adgere Mit\u00adglieder in der Partei und in der Jun\u00adgen SVP gibt, haben sie es im Gegen\u00adsatz zu gle\u00adichal\u00adtri\u00adgen Kan\u00addi\u00addat\u00aden und Kan\u00addi\u00addatin\u00adnen der Linken bei den Gemein\u00adder\u00adatswahlen schw\u00ader\u00ader, W\u00e4h\u00adler\u00adstim\u00admen zu erhal\u00adten. Gr\u00fcnde f\u00fcr dieses Ph\u00e4nomen sieht&nbsp; Urech in den eher links eingestell\u00adten W\u00e4h\u00adler und W\u00e4h\u00adlerin\u00adnen der Stadt Z\u00fcrich. Zudem besch\u00e4ftigten sich junge W\u00e4h\u00adlerin\u00adnen und W\u00e4h\u00adler h\u00e4u\u00adfig mit The\u00admen\u00adbere\u00adichen wie der Klimapoli\u00adtik, welche von linken Kan\u00addi\u00addat\u00aden und Parteien vertreten und umge\u00adset\u00adzt wer\u00adden. Und zulet\u00adzt seien junge SVP-Kan\u00addi\u00addat\u00aden und Kan\u00addi\u00addatin\u00adnen beim Wer\u00adben im Wahlkampf auf der Strasse wegen ihrer Hal\u00adtung auch schon kri\u00adtisiert und beschimpft worden.&nbsp;<\/p>\n\n\n\n<p>Grund\u00ads\u00e4t\u00adzlich bef\u00fcr\u00adwortet Ste\u00adfan Urech, dass aktuell ver\u00admehrt junge Men\u00adschen in die Poli\u00adtik ein\u00adsteigen. Er sieht aber keinen Unter\u00adschied in der Qual\u00adit\u00e4t des poli\u00adtis\u00adchen Engage\u00adments in Zusam\u00admen\u00adhang mit dem Alter der Poli\u00adtik\u00aderin\u00adnen und Poli\u00adtik\u00ader. Sein\u00ader Ansicht nach ist wed\u00ader das Alter noch die Zuge\u00adh\u00f6rigkeit, son\u00addern prim\u00e4r die poli\u00adtis\u00adche Ein\u00adstel\u00adlung und die Bere\u00aditschaft, einen grossen zeitlichen Aufwand zu investieren, entschei\u00addend. Vor allem bei jun\u00adgen Poli\u00adtik\u00adern und Poli\u00adtik\u00aderin\u00adnen brauche es Mut, um im Wahlkampf zu beste\u00adhen und f\u00fcr die eige\u00adnen Ideen einzustehen.&nbsp;<\/p>\n\n\n\n<p><strong>Sie f\u00fchlen sich ernst genommen<\/strong><\/p>\n\n\n\n<p>Anna Graff und Yves Henz f\u00fchlen sich trotz ihres jugendlichen Alters als Poli\u00adtik\u00ader ernst genom\u00admen. Dies sei jedoch laut Graff von Per\u00adson zu Per\u00adson unter\u00adschiedlich. Teil\u00adweise sei es f\u00fcr Frauen schwierig, geh\u00f6rt zu wer\u00adden und auch die j\u00fcng\u00adsten Poli\u00adtik\u00aderin\u00adnen und Poli\u00adtik\u00ader h\u00e4t\u00adten h\u00e4u\u00adfig einen nicht ganz ein\u00adfachen Einstieg.&nbsp;<\/p>\n\n\n\n<p>Doch etwas stellen bei\u00adde fest: Die Poli\u00adtisierung der Men\u00adschen, prim\u00e4r der Jugendlichen, steigt. Sie besch\u00e4fti\u00adgen sich st\u00e4rk\u00ader mit der Poli\u00adtik, um ein gerecht\u00ades Sys\u00adtem der gesellschaftlichen Organ\u00adi\u00adsa\u00adtion zu schaf\u00adfen. Dies bet\u00adrifft nicht nur die insti\u00adtu\u00adtionelle Poli\u00adtik, son\u00addern auch die Infragestel\u00adlung der aktuellen Machtver\u00adh\u00e4lt\u00adnisse. Die Jugend\u00adbe\u00adwe\u00adgun\u00adgen haben gezeigt, dass die Jun\u00adgen mit ihrer pro\u00adgres\u00adsiv\u00aden Hal\u00adtung etwas erre\u00adichen k\u00f6n\u00adnen. Junge Poli\u00adtik\u00aderin\u00adnen und Poli\u00adtik\u00ader wie Anna Graff und Yves Henz wer\u00adden gew\u00e4hlt, weil sie die Stimme der Jugend vertreten. Nun ver\u00adsuchen sie im Par\u00adla\u00adment, die W\u00fcn\u00adsche der Jugend umzusetzen.&nbsp;<\/p>\n","protected":false},"excerpt":{"rendered":"<p>Die Z\u00fcrcher Poli\u00adtik wird link\u00ader, der Gemein\u00adder\u00adat j\u00fcnger. Zwei neue linke Jung\u00adpoli\u00adtik\u00ader wollen der Jugend im Par\u00adla\u00adment eine Stimme geben, ein erfahren\u00ader junger B\u00fcrg\u00ader\u00adlich\u00ader spielt den Wert des Alters herunter.&nbsp;&nbsp; Bewe\u00adgun\u00adgen wie die weltweit\u00aden Kli\u00admas\u00adtreiks, die monatlichen Velodemos, die antifaschis\u00adtis\u00adchen Demon\u00adstra\u00adtio\u00adnen oder fem\u00adi\u00adnis\u00adtis\u00adche Streiks, an welchen zu einem grossen Teil Jugendliche teil\u00adnehmen, spie\u00adlen unum\u00adstrit\u00adten&nbsp;eine\u2026<\/p>\n","protected":false},"author":55,"featured_media":0,"comment_status":"open","ping_status":"open","sticky":false,"template":"","format":"standard","meta":{"wp_typography_post_enhancements_disabled":false,"episode_type":"","audio_file":"","cover_image":"","cover_image_id":"","duration":"","filesize":"","date_recorded":"","explicit":"","block":"","filesize_raw":"","ngg_post_thumbnail":0},"categories":[105],"tags":[173,171,170,172],"_links":{"self":[{"href":"https:\/\/mmiu.ch\/rgnews2022\/index.php\/wp-json\/wp\/v2\/posts\/3031"}],"collection":[{"href":"https:\/\/mmiu.ch\/rgnews2022\/index.php\/wp-json\/wp\/v2\/posts"}],"about":[{"href":"https:\/\/mmiu.ch\/rgnews2022\/index.php\/wp-json\/wp\/v2\/types\/post"}],"author":[{"embeddable":true,"href":"https:\/\/mmiu.ch\/rgnews2022\/index.php\/wp-json\/wp\/v2\/users\/55"}],"replies":[{"embeddable":true,"href":"https:\/\/mmiu.ch\/rgnews2022\/index.php\/wp-json\/wp\/v2\/comments?post=3031"}],"version-history":[{"count":16,"href":"https:\/\/mmiu.ch\/rgnews2022\/index.php\/wp-json\/wp\/v2\/posts\/3031\/revisions"}],"predecessor-version":[{"id":3082,"href":"https:\/\/mmiu.ch\/rgnews2022\/index.php\/wp-json\/wp\/v2\/posts\/3031\/revisions\/3082"}],"wp:attachment":[{"href":"https:\/\/mmiu.ch\/rgnews2022\/index.php\/wp-json\/wp\/v2\/media?parent=3031"}],"wp:term":[{"taxonomy":"category","embeddable":true,"href":"https:\/\/mmiu.ch\/rgnews2022\/index.php\/wp-json\/wp\/v2\/categories?post=3031"},{"taxonomy":"post_tag","embeddable":true,"href":"https:\/\/mmiu.ch\/rgnews2022\/index.php\/wp-json\/wp\/v2\/tags?post=3031"}],"curies":[{"name":"wp","href":"https:\/\/api.w.org\/{rel}","templated":true}]}}